{"tema_id":"110","string":"Abertura comercial","created":"2020-09-18 17:42:56","code":null,"notes":[{"@type":"Defini\u00e7\u00e3o","@lang":"ab","@value":"Redu\u00e7\u00e3o ou elimina\u00e7\u00e3o de barreiras tarif\u00e1rias, ou outras restri\u00e7\u00f5es \u00e0s importa\u00e7\u00f5es de car\u00e1ter n\u00e3o-tarif\u00e1rio (Aladi). "},{"@type":"MARC Header","@lang":"ab","@value":"=750  7$aAbertura comercial$2Aladi "},{"@type":"MARC Header","@lang":"ab","@value":"=750  7$aLiberaliza\u00e7\u00e3o comercial$2USP "},{"@type":"MARC Header","@lang":"ab","@value":"=750  7$aLiberaliza\u00e7\u00e3o do mercado$2Eurovoc "},{"@type":"MARC Header","@lang":"ab","@value":"=750  7$aLiberalizacion del intercambio$2UNBIS "},{"@type":"MARC Header","@lang":"ab","@value":"=900  \\$aVCB "},{"@type":"MARC Header","@lang":"ab","@value":"=900  \\$aVCB$9vcetcu "},{"@type":"MARC Header","@lang":"ab","@value":"=901  SEN10000000000000000200691 "},{"@type":"MARC Header","@lang":"ab","@value":"=908  180920da|azn||babn\\\\\\\\\\\nana\\\\d "},{"@type":"MARC Header","@lang":"ab","@value":"=BAS  \\$a380 - Com\u00e9rcio "},{"@type":"MARC Header","@lang":"ab","@value":"=BAS  \\$a381 - Ind\u00fastria, Com\u00e9rcio, Turismo e Servi\u00e7os$9basvce "},{"@type":"MARC Header","@lang":"ab","@value":"=CAT  \\$aSENGER1$b30$c20200916$lSEN10$h2035 "},{"@type":"Equival\u00eancia CDD","@lang":"ab","@value":"382.9 "}]}