{"tema_id":"11171","string":"Dire\u00e7\u00e3o fiscal","created":"2020-09-18 17:44:04","code":null,"notes":[{"@type":"Defini\u00e7\u00e3o","@lang":"ab","@value":"Regime especial que a Ag\u00eancia Nacional de Sa\u00fade Suplementar (ANS) instaura numa operadora de plano privado de assist\u00eancia \u00e0 sa\u00fade quando verifica a ocorr\u00eancia de uma ou mais anormalidades administrativas e\/ou econ\u00f4mico-financeiras, de natureza grave. i) Esse regime especial \u00e9 mantido pelo prazo legal m\u00e1ximo de 365 dias a contar da data de sua instaura\u00e7\u00e3o. ii) Seu objetivo \u00e9 evitar o risco \u00e0 continuidade ou \u00e0 qualidade do atendimento \u00e0 sa\u00fade dos benefici\u00e1rios de planos privados de assist\u00eancia \u00e0 sa\u00fade.$vBRASIL. Minist\u00e9rio da Sa\u00fade.Gloss\u00e1rio tem\u00e1tico: sa\u00fade suplementar. 2. ed. Bras\u00edlia: Minist\u00e9rio da Sa\u00fade, 2012. p. 78 "},{"@type":"MARC Header","@lang":"ab","@value":"=670  \\$aVocabul\u00e1rio de Controle Externo do TCU (VCE), 5\/06\/2018$uhttps:\/\/contas.tcu.gov.br\/ords\/f?p=1678:10:46540481858::NO::: "},{"@type":"MARC Header","@lang":"ab","@value":"=900  \\$aVCB$9vcetcu "},{"@type":"MARC Header","@lang":"ab","@value":"=901  SEN10000000000000000204699 "},{"@type":"MARC Header","@lang":"ab","@value":"=908  180920da|azn||babn\\\\\\\\\\\nana\\\\d "},{"@type":"MARC Header","@lang":"ab","@value":"=BAS  \\$a338.925 - Desestatiza\u00e7\u00e3o$9basvce "},{"@type":"MARC Header","@lang":"ab","@value":"=BAS  \\$a614 - Sa\u00fade$9basvce "},{"@type":"MARC Header","@lang":"ab","@value":"=CAT  \\$aSENGER1$b30$c20200916$lSEN10$h2036 "}]}