{"tema_id":"11236","string":"Direito ao esquecimento","created":"2020-09-18 17:44:04","code":null,"notes":[{"@type":"Defini\u00e7\u00e3o","@lang":"ab","@value":"\"Prerrogativa de n\u00e3o ser lembrado e exposto eternamente ao p\u00fablico em geral por um fato, supostamente ver\u00eddico, ocorrido em determinado momento temporal\" (CORR\u00caA, 2015 - sys 1044163) "},{"@type":"MARC Header","@lang":"ab","@value":"=750  7$aDireito ao esquecimento$2STF "},{"@type":"MARC Header","@lang":"ab","@value":"=900  \\$aVCB "},{"@type":"MARC Header","@lang":"ab","@value":"=901  SEN10000000000000000204783 "},{"@type":"MARC Header","@lang":"ab","@value":"=908  180920da|azn||babn\\\\\\\\\\\nana\\\\d "},{"@type":"MARC Header","@lang":"ab","@value":"=BAS  \\$a341.2 - Direito Constitucional "},{"@type":"MARC Header","@lang":"ab","@value":"=CAT  \\$aSENGER1$b30$c20200916$lSEN10$h2036 "},{"@type":"Equival\u00eancia CDDir","@lang":"ab","@value":"341.2732 "}]}