{"tema_id":"11282","string":"Direito \u00e0 paisagem","created":"2020-09-18 17:44:05","code":null,"notes":[{"@type":"Defini\u00e7\u00e3o","@lang":"ab","@value":"Inserido nos chamados direitos de terceira gera\u00e7\u00e3o ou direitos difusos, \u00e9 uma das tutelas devidas pelo Poder P\u00fablico, e diz respeito ao bem estar do indiv\u00edduo e da coletividade, visando o equil\u00edbrio est\u00e9tico e f\u00edsico dos ambientes artificiais e naturais. "},{"@type":"MARC Header","@lang":"ab","@value":"=900  \\$aVCB "},{"@type":"MARC Header","@lang":"ab","@value":"=901  SEN10000000000000000204740 "},{"@type":"MARC Header","@lang":"ab","@value":"=908  180920da|azn||babn\\\\\\\\\\\nana\\\\d "},{"@type":"MARC Header","@lang":"ab","@value":"=BAS  \\$a341.2 - Direito Constitucional "},{"@type":"MARC Header","@lang":"ab","@value":"=BAS  \\$a341.347 - Direito Ambiental "},{"@type":"MARC Header","@lang":"ab","@value":"=CAT  \\$aSENGER1$b30$c20200916$lSEN10$h2036 "},{"@type":"Equival\u00eancia CDDir","@lang":"ab","@value":"341.272 "},{"@type":"Equival\u00eancia CDDir","@lang":"ab","@value":"341.3471 "}]}