{"tema_id":"11301","string":"Prote\u00e7\u00e3o de dados pessoais","created":"2020-09-18 17:44:05","code":null,"notes":[{"@type":"Defini\u00e7\u00e3o","@lang":"pt-BR","@value":"Conjunto de normas e t\u00e9cnicas que visam proteger a privacidade e os direitos fundamentais de liberdade e de personalidade de todo indiv\u00edduo, regulando o tratamento de seus dados por pessoas naturais ou jur\u00eddicas de direito p\u00fablico ou privado. "},{"@type":"MARC Header","@lang":"ab","@value":"=900  \\$aVCB$9novos "},{"@type":"MARC Header","@lang":"ab","@value":"=901  SEN10000000000000000212004 "},{"@type":"MARC Header","@lang":"ab","@value":"=908  180920da|azn||babn\\\\\\\\\\\nana\\\\d "},{"@type":"MARC Header","@lang":"ab","@value":"=CAT  \\$aSENGER1$b30$c20200916$lSEN10$h2039 "}]}