{"tema_id":"11792","string":"Direitos humanos de terceira gera\u00e7\u00e3o","created":"2020-09-18 17:44:24","code":null,"notes":[{"@type":"Defini\u00e7\u00e3o","@lang":"ab","@value":"Ligados ao valor fraternidade ou solidariedade, s\u00e3o os relacionados ao desenvolvimento ou progresso, ao meio ambiente, \u00e0 autodetermina\u00e7\u00e3o dos povos, bem como ao direito de propriedade sobre o patrim\u00f4nio comum da humanidade e ao direito de comunica\u00e7\u00e3o. S\u00e3o direitos transindividuais, em rol exemplificativo, destinados \u00e0 prote\u00e7\u00e3o do g\u00eanero humano. (Marcelo Novelino) "},{"@type":"MARC Header","@lang":"ab","@value":"=900  \\$aVCB$9novos "},{"@type":"MARC Header","@lang":"ab","@value":"=901  SEN10000000000000000205014 "},{"@type":"MARC Header","@lang":"ab","@value":"=908  180920da|azn||babn\\\\\\\\\\\nana\\\\d "},{"@type":"MARC Header","@lang":"ab","@value":"=CAT  \\$aSENGER1$b30$c20200916$lSEN10$h2037 "}]}