{"tema_id":"1192","string":"Administra\u00e7\u00e3o direta","created":"2020-09-18 17:42:59","code":null,"notes":[{"@type":"Defini\u00e7\u00e3o","@lang":"ab","@value":"A administra\u00e7\u00e3o p\u00fablica direta \u00e9 composta pelos \u00f3rg\u00e3os ligados diretamente aos entes que comp\u00f5e a Federa\u00e7\u00e3o brasileira, ou seja, a Uni\u00e3o, os Estados federados, o Distrito Federal e os Munic\u00edpios.$vBRASIL. Supremo Tribunal Federal. Gloss\u00e1rio. "},{"@type":"MARC Header","@lang":"ab","@value":"=670  \\$aVocabul\u00e1rio de Controle Externo do TCU (VCE), 5\/06\/2018$uhttps:\/\/contas.tcu.gov.br\/ords\/f?p=1678:10:46540481858::NO::: "},{"@type":"MARC Header","@lang":"ab","@value":"=900  \\$aVCB "},{"@type":"MARC Header","@lang":"ab","@value":"=900  \\$aVCB$9vcetcu "},{"@type":"MARC Header","@lang":"ab","@value":"=901  SEN10000000000000000200938 "},{"@type":"MARC Header","@lang":"ab","@value":"=908  180920da|azn||babn\\\\\\\\\\\nana\\\\d "},{"@type":"MARC Header","@lang":"ab","@value":"=BAS  \\$a341.3 - Direito Administrativo "},{"@type":"MARC Header","@lang":"ab","@value":"=BAS  \\$a350 - Administra\u00e7\u00e3o P\u00fablica$9basvce "},{"@type":"MARC Header","@lang":"ab","@value":"=CAT  \\$aSENGER1$b30$c20200916$lSEN10$h2035 "},{"@type":"Equival\u00eancia CDDir","@lang":"ab","@value":"341.321 "}]}