{"tema_id":"11963","string":"Fala do trono","created":"2020-09-18 17:44:30","code":null,"notes":[{"@type":"Defini\u00e7\u00e3o","@lang":"ab","@value":"\"[...] discurso do Imperador, ou seu representante, nas sess\u00f5es de abertura e encerramento do ano legislativo, reunidas C\u00e2mara e Senado em Assembl\u00e9ia Geral, segundo o disposto nos artigos 18 e 19 da Constitui\u00e7\u00e3o de 1824.\" (VAINFAS, 2002, p. 259) "},{"@type":"MARC Header","@lang":"ab","@value":"=900  \\$aVCB "},{"@type":"MARC Header","@lang":"ab","@value":"=901  SEN10000000000000000206771 "},{"@type":"MARC Header","@lang":"ab","@value":"=908  180920da|azn||babn\\\\\\\\\\\nana\\\\d "},{"@type":"MARC Header","@lang":"ab","@value":"=BAS  \\$a341.2 - Direito Constitucional "},{"@type":"MARC Header","@lang":"ab","@value":"=CAT  \\$aSENGER1$b30$c20200916$lSEN10$h2037 "},{"@type":"Equival\u00eancia CDDir","@lang":"ab","@value":"341.25117 "}]}