{"tema_id":"1229","string":"Carga tribut\u00e1ria","created":"2020-09-18 17:43:00","code":null,"notes":[{"@type":"Defini\u00e7\u00e3o","@lang":"ab","@value":"Rela\u00e7\u00e3o existente entre o total de tributos arrecadados no pa\u00eds (impostos, taxas e contribui\u00e7\u00f5es) e o Produto Interno Bruto.$vS\u00c3O PAULO. Secretaria da Fazenda. Gloss\u00e1rio. "},{"@type":"MARC Header","@lang":"ab","@value":"=900  \\$aVCB "},{"@type":"MARC Header","@lang":"ab","@value":"=900  \\$aVCB$9vcetcu "},{"@type":"MARC Header","@lang":"ab","@value":"=901  SEN10000000000000000202563 "},{"@type":"MARC Header","@lang":"ab","@value":"=908  180920da|azn||babn\\\\\\\\\\\nana\\\\d "},{"@type":"MARC Header","@lang":"ab","@value":"=BAS  \\$a336 - Economia, Finan\u00e7as e Or\u00e7amento p\u00fablicos$9basvce "},{"@type":"MARC Header","@lang":"ab","@value":"=BAS  \\$a341.39 - Direito Tribut\u00e1rio "},{"@type":"MARC Header","@lang":"ab","@value":"=CAT  \\$aSENGER1$b30$c20200916$lSEN10$h2036 "},{"@type":"Equival\u00eancia CDDir","@lang":"pt-BR","@value":"341.391 "}]}