{"tema_id":"1248","string":"Racionaliza\u00e7\u00e3o da ind\u00fastria","created":"2020-09-18 17:43:00","code":null}