{"tema_id":"12643","string":"Pedagogia cr\u00edtica","created":"2020-09-18 17:44:39","code":null,"notes":[{"@type":"Nota de escopo","@lang":"ab","@value":"Usado para obras que tratam de uma introdu\u00e7\u00e3o dial\u00e9tica \u00e0 educa\u00e7\u00e3o, considerando que o conhecimento \u00e9 produzido socialmente, e convocando para a transforma\u00e7\u00e3o das condi\u00e7\u00f5es discriminat\u00f3rias que resultam da legitima\u00e7\u00e3o e distribui\u00e7\u00e3o do conhecimento pela cultura dominante. (BN) "},{"@type":"MARC Header","@lang":"ab","@value":"=750  $aCritical pedagogy "},{"@type":"MARC Header","@lang":"ab","@value":"=900  \\$aVCB "},{"@type":"MARC Header","@lang":"ab","@value":"=901  SEN10000000000000000477240 "},{"@type":"MARC Header","@lang":"ab","@value":"=908  200915da|azn||babn\\\\\\\\\\\\ana\\\\d "},{"@type":"MARC Header","@lang":"ab","@value":"=BAS  \\$a370 - Educa\u00e7\u00e3o "},{"@type":"MARC Header","@lang":"ab","@value":"=CAT  \\$aSENDIMAS$b30$c20200915$lSEN10$h2325 "},{"@type":"Equival\u00eancia CDD","@lang":"ab","@value":"370.115 "}]}