{"tema_id":"1408","string":"Alega\u00e7\u00e3o de defesa","created":"2020-09-18 17:43:00","code":null,"notes":[{"@type":"Defini\u00e7\u00e3o","@lang":"ab","@value":"Manifesta\u00e7\u00e3o formal de respons\u00e1vel, chamado ao processo por meio de cita\u00e7\u00e3o, acerca de irregularidade de que resulte d\u00e9bito em fun\u00e7\u00e3o de dano ao er\u00e1rio.$vBRASIL. Tribunal de Contas da Uni\u00e3o. Gloss\u00e1rio de Termos do Controle Externo. 2013 "},{"@type":"MARC Header","@lang":"ab","@value":"=670  \\$aVocabul\u00e1rio de Controle Externo do TCU (VCE), 5\/06\/2018$uhttps:\/\/contas.tcu.gov.br\/ords\/f?p=1678:10:46540481858::NO::: "},{"@type":"MARC Header","@lang":"ab","@value":"=900  \\$aVCB$9vcetcu "},{"@type":"MARC Header","@lang":"ab","@value":"=901  SEN10000000000000000201114 "},{"@type":"MARC Header","@lang":"ab","@value":"=908  180920da|azn||babn\\\\\\\\\\\nana\\\\d "},{"@type":"MARC Header","@lang":"ab","@value":"=BAS  \\$a328.3456 - Controle Externo$9basvce "},{"@type":"MARC Header","@lang":"ab","@value":"=BAS  \\$a340 - Direito$9basvce "},{"@type":"MARC Header","@lang":"ab","@value":"=CAT  \\$aSENGER1$b30$c20200916$lSEN10$h2035 "}]}