{"tema_id":"1423","string":"Advogado-Geral da Uni\u00e3o","created":"2020-09-18 17:43:00","code":null,"notes":[{"@type":"Defini\u00e7\u00e3o","@lang":"ab","@value":"Chefe da Advocacia-Geral da Uni\u00e3o (LCP-000073, 10\/2\/93, art. 3). "},{"@type":"MARC Header","@lang":"ab","@value":"=900  \\$aVCB "},{"@type":"MARC Header","@lang":"ab","@value":"=901  SEN10000000000000000200992 "},{"@type":"MARC Header","@lang":"ab","@value":"=908  180920da|azn||babn\\\\\\\\\\\nana\\\\d "},{"@type":"MARC Header","@lang":"ab","@value":"=BAS  \\$aProfiss\u00f5es "},{"@type":"MARC Header","@lang":"ab","@value":"=CAT  \\$aSENGER1$b30$c20200916$lSEN10$h2035 "}]}