{"tema_id":"14717","string":"Justi\u00e7a pelas pr\u00f3prias m\u00e3os","created":"2020-09-18 17:45:14","code":null}