{"tema_id":"150","string":"Movimento negro","created":"2020-09-18 17:42:56","code":null,"notes":[{"@type":"Defini\u00e7\u00e3o","@lang":"ab","@value":"Movimento negro \u00e9 a luta dos negros na perspectiva de resolver seus problemas na sociedade abrangente, em particular os provenientes dos preconceitos e das discrimina\u00e7\u00f5es raciais, que os marginalizam no mercado de trabalho, no sistema educacional, pol\u00edtico, social e cultural. Para o movimento negro, a \"ra\u00e7a\", e, por conseguinte, a identidade racial, \u00e9 utilizada n\u00e3o s\u00f3 como elemento de mobiliza\u00e7\u00e3o, mas tamb\u00e9m de media\u00e7\u00e3o das reivindica\u00e7\u00f5es pol\u00edticas. Em outras palavras, para o movimento negro, a \"ra\u00e7a\" \u00e9 o fator determinante de organiza\u00e7\u00e3o dos negros em torno de um projeto comum de a\u00e7\u00e3o.$vDomingues, Petr\u00f4nio, 2007 "},{"@type":"MARC Header","@lang":"ab","@value":"=750  $aBlacks, Race identity "},{"@type":"MARC Header","@lang":"ab","@value":"=900  \\$aVCB "},{"@type":"MARC Header","@lang":"ab","@value":"=901  SEN10000000000000000469536 "},{"@type":"MARC Header","@lang":"ab","@value":"=908  200305da|azn||babn\\\\\\\\\\\nana\\\\d "},{"@type":"MARC Header","@lang":"ab","@value":"=BAS  \\$a300 - Ci\u00eancias Sociais - Sociologia "},{"@type":"MARC Header","@lang":"ab","@value":"=CAT  \\$aSENGER1$b30$c20200916$lSEN10$h2038 "},{"@type":"Equival\u00eancia CDD","@lang":"ab","@value":"305.8 "}]}