{"tema_id":"1517","string":"Afeta\u00e7\u00e3o","created":"2020-09-18 17:43:01","code":null,"notes":[{"@type":"Defini\u00e7\u00e3o","@lang":"ab","@value":"Ato pelo qual um bem m\u00f3vel ou im\u00f3vel, pertencente ao estado ou a um particular, por delibera\u00e7\u00e3o da administra\u00e7\u00e3o p\u00fablica, passa a ter uma destina\u00e7\u00e3o pr\u00f3pria para atender a finalidades de utilidade p\u00fablica ou de uso p\u00fablico.$vBRASIL. Superior Tribunal de Justi\u00e7a. Tesauro. "},{"@type":"MARC Header","@lang":"ab","@value":"=900  \\$aVCB$9vcetcu "},{"@type":"MARC Header","@lang":"ab","@value":"=901  SEN10000000000000000201008 "},{"@type":"MARC Header","@lang":"ab","@value":"=908  180920da|azn||babn\\\\\\\\\\\nana\\\\d "},{"@type":"MARC Header","@lang":"ab","@value":"=BAS  \\$a340 - Direito$9basvce "},{"@type":"MARC Header","@lang":"ab","@value":"=CAT  \\$aSENGER1$b30$c20200916$lSEN10$h2035 "}]}