{"tema_id":"1518","string":"Desafeta\u00e7\u00e3o","created":"2020-09-18 17:43:01","code":null,"notes":[{"@type":"Defini\u00e7\u00e3o","@lang":"ab","@value":"Ato pelo qual o poder p\u00fablico desclassifica a qualidade de coisa p\u00fablica, retirando sua destina\u00e7\u00e3o no uso comum ou especial, convertendo-a em bem dominical.$vBRASIL. Supremo Tribunal de Justi\u00e7a. Vocabul\u00e1rio jur\u00eddico. "},{"@type":"MARC Header","@lang":"ab","@value":"=900  \\$aVCB$9vcetcu "},{"@type":"MARC Header","@lang":"ab","@value":"=901  SEN10000000000000000204480 "},{"@type":"MARC Header","@lang":"ab","@value":"=908  180920da|azn||babn\\\\\\\\\\\nana\\\\d "},{"@type":"MARC Header","@lang":"ab","@value":"=BAS  \\$a350 - Administra\u00e7\u00e3o P\u00fablica$9basvce "},{"@type":"MARC Header","@lang":"ab","@value":"=CAT  \\$aSENGER1$b30$c20200916$lSEN10$h2036 "}]}