{"tema_id":"15403","string":"Franco-canadenses","created":"2020-09-18 17:45:25","code":null,"notes":[{"@type":"Defini\u00e7\u00e3o","@lang":"ab","@value":"Indiv\u00edduo de origem francesa e canadense. "},{"@type":"MARC Header","@lang":"ab","@value":"=900  \\$aVCB "},{"@type":"MARC Header","@lang":"ab","@value":"=901  SEN10000000000000000207165 "},{"@type":"MARC Header","@lang":"ab","@value":"=908  180920da|azn||babn\\\\\\\\\\\nana\\\\d "},{"@type":"MARC Header","@lang":"ab","@value":"=BAS  \\$a900 - Geografia "},{"@type":"MARC Header","@lang":"ab","@value":"=BAS  \\$aGent\u00edlicos "},{"@type":"MARC Header","@lang":"ab","@value":"=CAT  \\$aSENGER1$b30$c20200916$lSEN10$h2037 "},{"@type":"Equival\u00eancia CDD","@lang":"ab","@value":"917.1 "}]}