{"tema_id":"1602","string":"Agente delegado","created":"2020-09-18 17:43:01","code":null,"notes":[{"@type":"Defini\u00e7\u00e3o","@lang":"ab","@value":"Ocupante de cargo\/fun\u00e7\u00e3o ou emprego p\u00fablico a quem se delega uma atividade ou compet\u00eancia por tempo determinado. Salienta-se que a delega\u00e7\u00e3o n\u00e3o exclui a responsabilidade do delegante, e pode ser por ela revogada a qualquer tempo.$vBRASIL. Tribunal de Contas da Uni\u00e3o. Gloss\u00e1rio. Question\u00e1rio de governan\u00e7a p\u00fablica. "},{"@type":"MARC Header","@lang":"ab","@value":"=900  \\$aVCB$9vcetcu "},{"@type":"MARC Header","@lang":"ab","@value":"=901  SEN10000000000000000201026 "},{"@type":"MARC Header","@lang":"ab","@value":"=908  180920da|azn||babn\\\\\\\\\\\nana\\\\d "},{"@type":"MARC Header","@lang":"ab","@value":"=BAS  \\$a350 -\u00a0Administra\u00e7\u00e3o P\u00fablica$9basvce "},{"@type":"MARC Header","@lang":"ab","@value":"=BAS  \\$a352.6 -\u00a0Pessoal$9basvce "},{"@type":"MARC Header","@lang":"ab","@value":"=BAS  \\$a364 -\u00a0Assist\u00eancia Social, Previd\u00eancia Social e Trabalho$9basvce "},{"@type":"MARC Header","@lang":"ab","@value":"=CAT  \\$aSENGER1$b30$c20200916$lSEN10$h2035 "}]}