{"tema_id":"1624","string":"Poder executivo","created":"2020-09-18 17:43:01","code":null,"notes":[{"@type":"Defini\u00e7\u00e3o","@lang":"ab","@value":"Institui\u00e7\u00f5es pol\u00edticas encarregadas de governar, ou seja, de executar na pr\u00e1tica as tarefas concretas atribu\u00eddas ao Estado como, defesa nacional, servi\u00e7os de educa\u00e7\u00e3o, sa\u00fade, seguran\u00e7a p\u00fablica, cobran\u00e7a e arrecada\u00e7\u00e3o de impostos, entre outras. Nos pa\u00edses presidencialistas o Poder Executivo \u00e9 representado pelo Presidente da Rep\u00fablica. Nos pa\u00edses parlamentaristas muitas vezes n\u00e3o h\u00e1 uma distin\u00e7\u00e3o entre Poder Executivo e Poder Legislativo, uma vez que, o Primeiro-Ministro governa em conjunto com o Parlamento.$vJusBrasil "},{"@type":"MARC Header","@lang":"ab","@value":"=900  \\$aVCB "},{"@type":"MARC Header","@lang":"ab","@value":"=900  \\$aVCB$9vcetcu "},{"@type":"MARC Header","@lang":"ab","@value":"=901  SEN10000000000000000211195 "},{"@type":"MARC Header","@lang":"ab","@value":"=908  180920da|azn||babn\\\\\\\\\\\nana\\\\d "},{"@type":"MARC Header","@lang":"ab","@value":"=BAS  \\$a341.2 - Direito Constitucional "},{"@type":"MARC Header","@lang":"ab","@value":"=BAS  \\$a350 - Administra\u00e7\u00e3o P\u00fablica$9basvce "},{"@type":"MARC Header","@lang":"ab","@value":"=CAT  \\$aSENGER1$b30$c20200916$lSEN10$h2039 "},{"@type":"Equival\u00eancia CDDir","@lang":"ab","@value":"341.251 "}]}