{"tema_id":"1630","string":"Governador","created":"2020-09-18 17:43:01","code":null,"notes":[{"@type":"Defini\u00e7\u00e3o","@lang":"ab","@value":"Aquele que ocupa o cargo de chefe do poder executivo de um dos estados de uma rep\u00fablica federativa.$vFERREIRA, Aur\u00e9lio Buarque de Holanda. Novo Dicion\u00e1rio Aur\u00e9lio da L\u00edngua Portuguesa. 4. Ed. Curitiba: Positivo, 2009 "},{"@type":"MARC Header","@lang":"ab","@value":"=900  \\$aVCB "},{"@type":"MARC Header","@lang":"ab","@value":"=900  \\$aVCB$9vcetcu "},{"@type":"MARC Header","@lang":"ab","@value":"=901  SEN10000000000000000207450 "},{"@type":"MARC Header","@lang":"ab","@value":"=908  180920da|azn||babn\\\\\\\\\\\nana\\\\d "},{"@type":"MARC Header","@lang":"ab","@value":"=BAS  \\$a341.3 - Direito Administrativo "},{"@type":"MARC Header","@lang":"ab","@value":"=BAS  \\$a350 - Administra\u00e7\u00e3o P\u00fablica$9basvce "},{"@type":"MARC Header","@lang":"ab","@value":"=CAT  \\$aSENGER1$b30$c20200916$lSEN10$h2037 "},{"@type":"Equival\u00eancia CDDir","@lang":"ab","@value":"341.3131 "}]}