{"tema_id":"1632","string":"Presidente da Rep\u00fablica","created":"2020-09-18 17:43:01","code":null,"notes":[{"@type":"MARC Header","@lang":"ab","@value":"=900  \\$aVCB "},{"@type":"MARC Header","@lang":"ab","@value":"=900  \\$aVCB$9vcetcu "},{"@type":"MARC Header","@lang":"ab","@value":"=901  SEN10000000000000000211503 "},{"@type":"MARC Header","@lang":"ab","@value":"=908  180920da|azn||babn\\\\\\\\\\\nana\\\\d "},{"@type":"MARC Header","@lang":"ab","@value":"=BAS  \\$a341.2 - Direito Constitucional "},{"@type":"MARC Header","@lang":"ab","@value":"=BAS  \\$a350 - Administra\u00e7\u00e3o P\u00fablica$9basvce "},{"@type":"MARC Header","@lang":"ab","@value":"=CAT  \\$aSENGER1$b30$c20200916$lSEN10$h2039 "},{"@type":"Equival\u00eancia CDD","@lang":"ab","@value":"352.23 "},{"@type":"Equival\u00eancia CDDir","@lang":"ab","@value":"341.2511 "}]}