{"tema_id":"1650","string":"Agravante","created":"2020-09-18 17:43:01","code":null,"notes":[{"@type":"Defini\u00e7\u00e3o","@lang":"ab","@value":"Pessoa que interp\u00f5e agravo.$vFERREIRA, Aur\u00e9lio Buarque de Holanda. Novo Dicion\u00e1rio Aur\u00e9lio da L\u00edngua Portuguesa. 4. ed. Curitiba: Positivo, 2009 "},{"@type":"Defini\u00e7\u00e3o","@lang":"ab","@value":"Pessoa que, em um processo, interp\u00f5e agravo. "},{"@type":"MARC Header","@lang":"ab","@value":"=900  \\$aVCB "},{"@type":"MARC Header","@lang":"ab","@value":"=900  \\$aVCB$9vcetcu "},{"@type":"MARC Header","@lang":"ab","@value":"=901  SEN10000000000000000201038 "},{"@type":"MARC Header","@lang":"ab","@value":"=908  180920da|azn||babn\\\\\\\\\\\nana\\\\d "},{"@type":"MARC Header","@lang":"ab","@value":"=BAS  \\$a328.3456 - Controle Externo$9basvce "},{"@type":"MARC Header","@lang":"ab","@value":"=BAS  \\$a340 - Direito$9basvce "},{"@type":"MARC Header","@lang":"ab","@value":"=BAS  \\$a341.4 - Direito Processual "},{"@type":"MARC Header","@lang":"ab","@value":"=CAT  \\$aSENGER1$b30$c20200916$lSEN10$h2035 "},{"@type":"Equival\u00eancia CDDir","@lang":"ab","@value":"341.4356 "}]}