{"tema_id":"16631","string":"Sa\u00fade ind\u00edgena","created":"2020-09-18 17:45:46","code":null,"notes":[{"@type":"Defini\u00e7\u00e3o","@lang":"ab","@value":"A Sa\u00fade Ind\u00edgena possui uma abordagem diferenciada e global, contemplando os aspectos de assist\u00eancia \u00e0 sa\u00fade, saneamento b\u00e1sico, nutri\u00e7\u00e3o, habilita\u00e7\u00e3o, meio ambiente, demarca\u00e7\u00e3o de terras, educa\u00e7\u00e3o sanit\u00e1ria e integra\u00e7\u00e3o institucional.$vMinist\u00e9rio da Sa\u00fade. Gloss\u00e1rio do Minist\u00e9rio da Sa\u00fade "},{"@type":"MARC Header","@lang":"ab","@value":"=670  \\$aVocabul\u00e1rio de Controle Externo do TCU (VCE), 5\/06\/2018$uhttps:\/\/contas.tcu.gov.br\/ords\/f?p=1678:10:46540481858::NO::: "},{"@type":"MARC Header","@lang":"ab","@value":"=900  \\$aVCB$9vcetcu "},{"@type":"MARC Header","@lang":"ab","@value":"=901  SEN10000000000000000213084 "},{"@type":"MARC Header","@lang":"ab","@value":"=908  180920da|azn||babn\\\\\\\\\\\nana\\\\d "},{"@type":"MARC Header","@lang":"ab","@value":"=BAS  \\$a504 - Meio Ambiente$9basvce "},{"@type":"MARC Header","@lang":"ab","@value":"=BAS  \\$a614 - Sa\u00fade$9basvce "},{"@type":"MARC Header","@lang":"ab","@value":"=CAT  \\$aSENGER1$b30$c20200916$lSEN10$h2039 "}]}