{"tema_id":"19020","string":"Integra\u00e7\u00e3o modal","created":"2020-09-18 17:46:16","code":null,"notes":[{"@type":"Defini\u00e7\u00e3o","@lang":"ab","@value":"A integra\u00e7\u00e3o modal \u00e9 um instrumento de racionaliza\u00e7\u00e3o dos diferentes sistemas de transporte, para ampliar a sua \u00e1rea de cobertura, aumentar a oferta de servi\u00e7os e obter a melhor utiliza\u00e7\u00e3o dos recursos dispon\u00edveis.'$vASSOCIA\u00c7\u00c3O NACIONAL DE TRANSPORTES P\u00daBLICOS. Caracteriza\u00e7\u00e3o dos sistemas integrados de transporte p\u00fablico urbano nas cidades brasileiras: relat\u00f3rio de pesquisa. S\u00e3o Paulo: PW Gr\u00e1ficos e Editores Associados, 1995. "},{"@type":"MARC Header","@lang":"ab","@value":"=900  \\$aVCB$9vcetcu "},{"@type":"MARC Header","@lang":"ab","@value":"=901  SEN10000000000000000208687 "},{"@type":"MARC Header","@lang":"ab","@value":"=908  180920da|azn||babn\\\\\\\\\\\nana\\\\d "},{"@type":"MARC Header","@lang":"ab","@value":"=BAS  \\$a363.5 - Habita\u00e7\u00e3o, Saneamento e Urbanismo$9basvce "},{"@type":"MARC Header","@lang":"ab","@value":"=BAS  \\$a388 - Transportes$9basvce "},{"@type":"MARC Header","@lang":"ab","@value":"=CAT  \\$aSENGER1$b30$c20200916$lSEN10$h2038 "}]}