{"tema_id":"19023","string":"Integra\u00e7\u00e3o pol\u00edtica regional","created":"2020-09-18 17:46:16","code":null}