{"tema_id":"1949","string":"Classe de alfabetiza\u00e7\u00e3o","created":"2020-09-18 17:43:02","code":null,"notes":[{"@type":"Defini\u00e7\u00e3o","@lang":"ab","@value":"Conjunto de alunos que s\u00e3o reunidos em sala de aula para aprendizagem da leitura e da escrita, durante um semestre ou um ano letivo; formalmente as CAs n\u00e3o pertencem nem \u00e0 Educa\u00e7\u00e3o Infantil nem ao Ensino Fundamental e encontram-se em fase de extin\u00e7\u00e3o.$vANU\u00c1RIO Brasileiro da Educa\u00e7\u00e3o B\u00e1sica. S\u00e3o Paulo: Moderna, 2013. "},{"@type":"MARC Header","@lang":"ab","@value":"=900  \\$aVCB$9vcetcu "},{"@type":"MARC Header","@lang":"ab","@value":"=901  SEN10000000000000000202936 "},{"@type":"MARC Header","@lang":"ab","@value":"=908  180920da|azn||babn\\\\\\\\\\\nana\\\\d "},{"@type":"MARC Header","@lang":"ab","@value":"=BAS  \\$a370 - Educa\u00e7\u00e3o$9basvce "},{"@type":"MARC Header","@lang":"ab","@value":"=CAT  \\$aSENGER1$b30$c20200916$lSEN10$h2036 "}]}