{"tema_id":"19637","string":"Regime de semiliberdade","created":"2020-09-18 17:46:26","code":null,"notes":[{"@type":"Defini\u00e7\u00e3o","@lang":"ab","@value":"Medida s\u00f3cio-educativa aplicada ao adolescente, verificada a pr\u00e1tica de ato infracional.$vVocabul\u00e1rio Jur\u00eddico do STJ "},{"@type":"MARC Header","@lang":"ab","@value":"=900  \\$aVCB "},{"@type":"MARC Header","@lang":"ab","@value":"=901  SEN10000000000000000469591 "},{"@type":"MARC Header","@lang":"ab","@value":"=908  200305da|azn||babn\\\\\\\\\\\nana\\\\d "},{"@type":"MARC Header","@lang":"ab","@value":"=CAT  \\$aSENGER1$b30$c20200916$lSEN10$h2039 "}]}