{"tema_id":"2014","string":"Desestatiza\u00e7\u00e3o","created":"2020-09-18 17:43:02","code":null,"notes":[{"@type":"Defini\u00e7\u00e3o","@lang":"ab","@value":"Retirada da presen\u00e7a do Estado de atividades reservadas constitucionalmente \u00e0 iniciativa privada (princ\u00edpio da livre iniciativa) ou de setores em que ela possa atuar com maior efici\u00eancia (princ\u00edpio da economicidade); \u00e9 o g\u00eanero, do qual s\u00e3o esp\u00e9cies a privatiza\u00e7\u00e3o, a concess\u00e3o, a permiss\u00e3o, a terceiriza\u00e7\u00e3o e a gest\u00e3o associada de fun\u00e7\u00f5es p\u00fablicas.$vSOUTO, Marcos Juruena Villela. Desestatiza\u00e7\u00e3o: privatiza\u00e7\u00f5es, concess\u00f5es, terceiriza\u00e7\u00f5es e regula\u00e7\u00e3o. 4 ed., ver., atual e ampl. Rio de Janeiro: Lumens Juris, 2001. 870p. "},{"@type":"Defini\u00e7\u00e3o","@lang":"ab","@value":"Transfer\u00eancia para a iniciativa privada, de participa\u00e7\u00f5es societ\u00e1rias e da execu\u00e7\u00e3o dos servi\u00e7os p\u00fablicos explorados pela Uni\u00e3o por interm\u00e9dio das entidades da Administra\u00e7\u00e3o p\u00fablica Federal "},{"@type":"MARC Header","@lang":"ab","@value":"=670  \\$aVocabul\u00e1rio de Controle Externo do TCU (VCE), 5\/06\/2018$uhttps:\/\/contas.tcu.gov.br\/ords\/f?p=1678:10:46540481858::NO::: "},{"@type":"MARC Header","@lang":"ab","@value":"=900  \\$aVCB$9vcetcu "},{"@type":"MARC Header","@lang":"ab","@value":"=901  SEN10000000000000000204571 "},{"@type":"MARC Header","@lang":"ab","@value":"=908  180920da|azn||babn\\\\\\\\\\\nana\\\\d "},{"@type":"MARC Header","@lang":"ab","@value":"=BAS  \\$a338.925 - Desestatiza\u00e7\u00e3o$9basvce "},{"@type":"MARC Header","@lang":"ab","@value":"=CAT  \\$aSENGER1$b30$c20200916$lSEN10$h2036 "}]}