{"tema_id":"20331","string":"Sa\u00fade suplementar","created":"2020-09-18 17:46:41","code":null,"notes":[{"@type":"Defini\u00e7\u00e3o","@lang":"ab-AB","@value":"Rede prestadora de servi\u00e7os \u00e0 sa\u00fade de car\u00e1ter privado, que re\u00fane empresas operadoras de planos de sa\u00fade. No Brasil, o marco legal \u00e9 composto pela Lei 9656\/98 e a Lei 9961 que instituiu a Ag\u00eancia Nacional de Sa\u00fade Suplementar e lhe deu atribui\u00e7\u00f5es de regula\u00e7\u00e3o do setor.$vDeCS "},{"@type":"MARC Header","@lang":"ab","@value":"=670  \\$aVocabul\u00e1rio de Controle Externo do TCU (VCE), 5\/06\/2018$uhttps:\/\/contas.tcu.gov.br\/ords\/f?p=1678:10:46540481858::NO::: "},{"@type":"MARC Header","@lang":"ab","@value":"=900  \\$aVCB$9vcetcu "},{"@type":"MARC Header","@lang":"ab","@value":"=901  SEN10000000000000000213092 "},{"@type":"MARC Header","@lang":"ab","@value":"=908  180920da|azn||babn\\\\\\\\\\\nana\\\\d "},{"@type":"MARC Header","@lang":"ab","@value":"=BAS  \\$a614 - Sa\u00fade$9basvce "},{"@type":"MARC Header","@lang":"ab","@value":"=CAT  \\$aSENGER1$b30$c20200916$lSEN10$h2039 "}]}