{"tema_id":"2047","string":"Aliena\u00e7\u00e3o pol\u00edtica","created":"2020-09-18 17:43:02","code":null,"notes":[{"@type":"Defini\u00e7\u00e3o","@lang":"ab","@value":"Incapacidade de um povo em se orientar politicamente conforme seus pr\u00f3prios interesses. Cren\u00e7a na operosidade de instrumentos inoperantes, de um lado; desinteresse total pelos fatos pol\u00edticos, de outro. E, em sua forma mais grave - recusa em decidir o pr\u00f3prio destino, de raciocinar, de tra\u00e7ar seu pr\u00f3prio projeto; cria\u00e7\u00e3o do mito do Chefe, do Messias, do Pai, do Salvador da P\u00e1tria.$vMosaico\u00a04, revista do Diret\u00f3rio Central dos Estudantes da Universidade de Minas Gerais "},{"@type":"MARC Header","@lang":"ab","@value":"=750  $aPolitical alienation "},{"@type":"MARC Header","@lang":"ab","@value":"=900  \\$aVCB "},{"@type":"MARC Header","@lang":"ab","@value":"=901  SEN10000000000000000201154 "},{"@type":"MARC Header","@lang":"ab","@value":"=908  180920da|azn||babn\\\\\\\\\\\nana\\\\d "},{"@type":"MARC Header","@lang":"ab","@value":"=BAS  \\$a300 - Ci\u00eancias Sociais - Sociologia "},{"@type":"MARC Header","@lang":"ab","@value":"=CAT  \\$aSENGER1$b30$c20200916$lSEN10$h2035 "},{"@type":"Equival\u00eancia CDD","@lang":"ab","@value":"302.544 "}]}