{"tema_id":"2173","string":"Aluno com defici\u00eancia","created":"2020-09-18 17:43:03","code":null,"notes":[{"@type":"Defini\u00e7\u00e3o","@lang":"ab","@value":"De acordo com a ONU, pessoa com defici\u00eancia \u00e9 aquela que tem impedimentos de natureza f\u00edsica, intelectual ou sensorial, os quais, em intera\u00e7\u00e3o com diversas barreiras, podem obstruir sua participa\u00e7\u00e3o plena e efetiva na sociedade com as demais pessoas. No caso de um estudante com defici\u00eancia, as barreiras que podem impedir sua escolariza\u00e7\u00e3o e participa\u00e7\u00e3o plena localizam-se no espa\u00e7o escolar.$vBRASIL. Instituto Nacional de Estudos e Pesquisas Educacionais An\u00edsio Teixeira. Perguntas frequentes. "},{"@type":"MARC Header","@lang":"ab","@value":"=670  \\$aVocabul\u00e1rio de Controle Externo do TCU (VCE), 5\/06\/2018$uhttps:\/\/contas.tcu.gov.br\/ords\/f?p=1678:10:46540481858::NO::: "},{"@type":"MARC Header","@lang":"ab","@value":"=900  \\$aVCB$9vcetcu "},{"@type":"MARC Header","@lang":"ab","@value":"=901  SEN10000000000000000201195 "},{"@type":"MARC Header","@lang":"ab","@value":"=908  180920da|azn||babn\\\\\\\\\\\nana\\\\d "},{"@type":"MARC Header","@lang":"ab","@value":"=BAS  \\$a370 - Educa\u00e7\u00e3o$9basvce "},{"@type":"MARC Header","@lang":"ab","@value":"=CAT  \\$aSENGER1$b30$c20200916$lSEN10$h2035 "}]}