{"tema_id":"2178","string":"Pessoa com defici\u00eancia mental","created":"2020-09-18 17:43:03","code":null,"notes":[{"@type":"Defini\u00e7\u00e3o","@lang":"ab","@value":"Pessoas diagnosticadas como estando significativamente abaixo da intelig\u00eancia m\u00e9dia e tendo problemas consider\u00e1veis na adapta\u00e7\u00e3o \u00e0 vida cotidiana ou carentes de independ\u00eancia com respeito a atividades da vida di\u00e1ria. "},{"@type":"MARC Header","@lang":"ab","@value":"=670  \\$aDeCS, 21\/07\/2018$uhttp:\/\/decs.bvs.br\/cgi-bin\/wxis1660.exe\/decsserver\/ "},{"@type":"MARC Header","@lang":"ab","@value":"=900  \\$aVCB "},{"@type":"MARC Header","@lang":"ab","@value":"=901  SEN10000000000000000211020 "},{"@type":"MARC Header","@lang":"ab","@value":"=908  180920da|azn||babn\\\\\\\\\\\nana\\\\d "},{"@type":"MARC Header","@lang":"ab","@value":"=BAS  \\$a360 - Problemas e Servi\u00e7os Sociais "},{"@type":"MARC Header","@lang":"ab","@value":"=CAT  \\$aSENGER1$b30$c20200916$lSEN10$h2039 "},{"@type":"Equival\u00eancia CDD","@lang":"ab","@value":"362.2 "}]}