{"tema_id":"2191","string":"Jovem aprendiz","created":"2020-09-18 17:43:03","code":null,"modified":"2025-09-02 09:30:03","notes":[{"@type":"Defini\u00e7\u00e3o","@lang":"ab","@value":"Jovem entre 14 e 24 anos inscrito em programa de aprendizagem, forma\u00e7\u00e3o t\u00e9cnico-profissional met\u00f3dica, compat\u00edvel com o seu desenvolvimento f\u00edsico, moral e psicol\u00f3gico, assegurado no contrato de trabalho especial, ajustado por escrito e por prazo determinado. "},{"@type":"MARC Header","@lang":"ab","@value":"=900  \\$aVCB "},{"@type":"MARC Header","@lang":"ab","@value":"=901  SEN10000000000000000209754 "},{"@type":"MARC Header","@lang":"ab","@value":"=908  180920da|azn||babn\\\\\\\\\\\nana\\\\d "},{"@type":"MARC Header","@lang":"ab","@value":"=BAS  \\$a342.6 - Direito do Trabalho "},{"@type":"MARC Header","@lang":"ab","@value":"=CAT  \\$aSENGER1$b30$c20200916$lSEN10$h2038 "},{"@type":"Equival\u00eancia CDDir","@lang":"ab","@value":"342.65181 "}]}