{"tema_id":"2193","string":"Poder de pol\u00edcia","created":"2020-09-18 17:43:03","code":null,"notes":[{"@type":"Defini\u00e7\u00e3o","@lang":"ab","@value":"Atividade de administra\u00e7\u00e3o p\u00fablica que, limitando ou disciplinando direito, interesse ou liberdade, regula a pr\u00e1tica de ato ou absten\u00e7\u00e3o de fato, em raz\u00e3o de interesse p\u00fablico concernente \u00e0 seguran\u00e7a, \u00e0 higiene, \u00e0 ordem, aos costumes, \u00e0 disciplina de produ\u00e7\u00e3o e de mercado, ao exerc\u00edcio de atividades econ\u00f4micas dependentes de concess\u00e3o ou autoriza\u00e7\u00e3o do Poder P\u00fablico, \u00e0 tranquilidade p\u00fablica ou ao respeito \u00e0 propriedade e aos direitos individuais ou coletivos.$vBRASIL. Minist\u00e9rio da Defesa. Gloss\u00e1rio das For\u00e7as Armadas. "},{"@type":"Defini\u00e7\u00e3o","@lang":"ab","@value":"Faculdade da administra\u00e7\u00e3o p\u00fablica de condicionar o uso de bens e direitos individuais em benef\u00edcio da coletividade. "},{"@type":"MARC Header","@lang":"ab","@value":"=670  \\$aVocabul\u00e1rio de Controle Externo do TCU (VCE), 5\/06\/2018$uhttps:\/\/contas.tcu.gov.br\/ords\/f?p=1678:10:46540481858::NO::: "},{"@type":"MARC Header","@lang":"ab","@value":"=900  \\$aVCB "},{"@type":"MARC Header","@lang":"ab","@value":"=900  \\$aVCB$9vcetcu "},{"@type":"MARC Header","@lang":"ab","@value":"=901  SEN10000000000000000211189 "},{"@type":"MARC Header","@lang":"ab","@value":"=908  180920da|azn||babn\\\\\\\\\\\nana\\\\d "},{"@type":"MARC Header","@lang":"ab","@value":"=BAS  \\$a340 - Direito$9basvce "},{"@type":"MARC Header","@lang":"ab","@value":"=BAS  \\$a341.3 - Direito Administrativo "},{"@type":"MARC Header","@lang":"ab","@value":"=BAS  \\$a353 - Defesa Nacional e Seguran\u00e7a P\u00fablica$9basvce "},{"@type":"MARC Header","@lang":"ab","@value":"=CAT  \\$aSENGER1$b30$c20200916$lSEN10$h2039 "},{"@type":"Equival\u00eancia CDDir","@lang":"ab","@value":"341.37 "}]}