{"tema_id":"2197","string":"Edifica\u00e7\u00e3o","created":"2020-09-18 17:43:03","code":null,"notes":[{"@type":"Defini\u00e7\u00e3o","@lang":"ab","@value":"Obra, constru\u00e7\u00e3o, do latim \"aedificatione\".$vTAVARES, Filipe Miguel. Gloss\u00e1rio da constru\u00e7\u00e3o civil. "},{"@type":"MARC Header","@lang":"ab","@value":"=900  \\$aVCB "},{"@type":"MARC Header","@lang":"ab","@value":"=900  \\$aVCB$9vcetcu "},{"@type":"MARC Header","@lang":"ab","@value":"=901  SEN10000000000000000205339 "},{"@type":"MARC Header","@lang":"ab","@value":"=908  180920da|azn||babn\\\\\\\\\\\nana\\\\d "},{"@type":"MARC Header","@lang":"ab","@value":"=BAS  \\$a352.56 - Obras p\u00fablicas$9basvce "},{"@type":"MARC Header","@lang":"ab","@value":"=BAS  \\$a363.5 - Habita\u00e7\u00e3o, Saneamento e Urbanismo$9basvce "},{"@type":"MARC Header","@lang":"ab","@value":"=BAS  \\$a700 - Arquitetura "},{"@type":"MARC Header","@lang":"ab","@value":"=CAT  \\$aSENGER1$b30$c20200916$lSEN10$h2037 "}]}