{"tema_id":"2214","string":"Comunidade de pr\u00e1tica","created":"2020-09-18 17:43:03","code":null,"notes":[{"@type":"Defini\u00e7\u00e3o","@lang":"ab","@value":"Nas organiza\u00e7\u00f5es, grupos informais de pessoas caracterizados pela forma\u00e7\u00e3o volunt\u00e1ria e autogest\u00e3o, com interesses e quest\u00f5es em comum baseados, sobretudo, em amplo conhecimento t\u00e1cito$v-ASIST, p. 23. "},{"@type":"Defini\u00e7\u00e3o","@lang":"ab","@value":"Um grupo de indiv\u00edduos que se re\u00fanem periodicamente, por possu\u00edrem um interesse comum no aprendizado e na aplica\u00e7\u00e3o do que foi aprendido.$vSOCIEDADE BRASILEIRA DE GEST\u00c3O DO CONHECIMENTO. Afinal, o que \u00e9 uma comunidade de pr\u00e1tica? "},{"@type":"Defini\u00e7\u00e3o","@lang":"ab","@value":"Um grupo de pessoas que resolvem se aglutinar entre si para realizar empreendimentos comuns com vistas ao desenvolvimento em um dom\u00ednio de conhecimento vinculado a uma determinada pr\u00e1tica.$vMENDES, Hugo Miguel Ponte. Ferramentas de Gest\u00e3o do Conhecimento. "},{"@type":"MARC Header","@lang":"ab","@value":"=900  \\$aVCB$9tci-ibict "},{"@type":"MARC Header","@lang":"ab","@value":"=900  \\$aVCB$9vcetcu "},{"@type":"MARC Header","@lang":"ab","@value":"=901  SEN10000000000000000203310 "},{"@type":"MARC Header","@lang":"ab","@value":"=908  180920da|azn||babn\\\\\\\\\\\nana\\\\d "},{"@type":"MARC Header","@lang":"ab","@value":"=BAS  \\$a370 - Educa\u00e7\u00e3o$9basvce "},{"@type":"MARC Header","@lang":"ab","@value":"=BAS  \\$a500 - Ci\u00eancia e Tecnologia$9basvce "},{"@type":"MARC Header","@lang":"ab","@value":"=BAS  \\$aCAT: 4.1 Intelig\u00eancia Competitiva "},{"@type":"MARC Header","@lang":"ab","@value":"=CAT  \\$aSENGER1$b30$c20200916$lSEN10$h2036 "}]}