{"tema_id":"22685","string":"Pris\u00e3o preventiva","created":"2020-09-18 17:47:37","code":null,"notes":[{"@type":"Defini\u00e7\u00e3o","@lang":"pt-BR","@value":"Esp\u00e9cie de pris\u00e3o cautelar decretada por autoridade judicial, durante o inqu\u00e9rito policial ou o processo criminal,\u00a0 para\u00a0 a garantia da ordem p\u00fablica, da ordem econ\u00f4mica, por conveni\u00eancia da instru\u00e7\u00e3o criminal ou para assegurar a aplica\u00e7\u00e3o da lei penal, havendo prova da exist\u00eancia de crime e ind\u00edcio suficiente de autoria e de perigo gerado pelo estado de liberdade do agente, ou quando descumprida obriga\u00e7\u00e3o imposta por outra medida cautelar.$uhttps:\/\/www12.senado.leg.br\/manualdecomunicacao\/guia-juridico\/prisao-preventiva "},{"@type":"MARC Header","@lang":"ab","@value":"=670  \\$aVocabul\u00e1rio de Controle Externo do TCU (VCE), 5\/06\/2018$uhttps:\/\/contas.tcu.gov.br\/ords\/f?p=1678:10:46540481858::NO::: "},{"@type":"MARC Header","@lang":"ab","@value":"=900  \\$aVCB "},{"@type":"MARC Header","@lang":"ab","@value":"=900  \\$aVCB$9vcetcu "},{"@type":"MARC Header","@lang":"ab","@value":"=901  SEN10000000000000000211657 "},{"@type":"MARC Header","@lang":"ab","@value":"=908  180920da|azn||babn\\\\\\\\\\\nana\\\\d "},{"@type":"MARC Header","@lang":"ab","@value":"=BAS  \\$a340 - Direito$9basvce "},{"@type":"MARC Header","@lang":"ab","@value":"=BAS  \\$a341.43 - Processo Penal "},{"@type":"MARC Header","@lang":"ab","@value":"=CAT  \\$aSENGER1$b30$c20200916$lSEN10$h2039 "},{"@type":"Equival\u00eancia CDDir","@lang":"ab","@value":"341.4326 "}]}