{"tema_id":"22698","string":"Pr\u00f3-reitor","created":"2020-09-18 17:47:37","code":null,"notes":[{"@type":"Defini\u00e7\u00e3o","@lang":"ab","@value":"Cargo e fun\u00e7\u00e3o de professores designados pelo reitor, entre os docentes da Universidade, com pr\u00e9via aprova\u00e7\u00e3o de um ou mais conselheiros para desenvolver atividades executivas delegadas pelo reitor.$vTHESAURUS Brasileiro de Educa\u00e7\u00e3o. "},{"@type":"MARC Header","@lang":"ab","@value":"=670  \\$aVocabul\u00e1rio de Controle Externo do TCU (VCE), 5\/06\/2018$uhttps:\/\/contas.tcu.gov.br\/ords\/f?p=1678:10:46540481858::NO::: "},{"@type":"MARC Header","@lang":"ab","@value":"=900  \\$aVCB$9vcetcu "},{"@type":"MARC Header","@lang":"ab","@value":"=901  SEN10000000000000000211668 "},{"@type":"MARC Header","@lang":"ab","@value":"=908  180920da|azn||babn\\\\\\\\\\\nana\\\\d "},{"@type":"MARC Header","@lang":"ab","@value":"=BAS  \\$a370 - Educa\u00e7\u00e3o$9basvce "},{"@type":"MARC Header","@lang":"ab","@value":"=CAT  \\$aSENGER1$b30$c20200916$lSEN10$h2039 "}]}