{"tema_id":"2309","string":"Analfabetismo tecnol\u00f3gico","created":"2020-09-18 17:43:03","code":null,"notes":[{"@type":"Defini\u00e7\u00e3o","@lang":"ab","@value":"Condi\u00e7\u00e3o de uma pessoa que, apesar de ter forma\u00e7\u00e3o escolar, n\u00e3o tem o dom\u00ednio m\u00ednimo da tecnologia moderna, necess\u00e1rio para integrar-se na vida social e profissional.$vTHESAURUS Brasileiro de Educa\u00e7\u00e3o. "},{"@type":"MARC Header","@lang":"ab","@value":"=670  \\$aVocabul\u00e1rio de Controle Externo do TCU (VCE), 5\/06\/2018$uhttps:\/\/contas.tcu.gov.br\/ords\/f?p=1678:10:46540481858::NO::: "},{"@type":"MARC Header","@lang":"ab","@value":"=900  \\$aVCB$9vcetcu "},{"@type":"MARC Header","@lang":"ab","@value":"=901  SEN10000000000000000201237 "},{"@type":"MARC Header","@lang":"ab","@value":"=908  180920da|azn||babn\\\\\\\\\\\nana\\\\d "},{"@type":"MARC Header","@lang":"ab","@value":"=BAS  \\$a370 - Educa\u00e7\u00e3o$9basvce "},{"@type":"MARC Header","@lang":"ab","@value":"=BAS  \\$a500 - Ci\u00eancia e Tecnologia$9basvce "},{"@type":"MARC Header","@lang":"ab","@value":"=CAT  \\$aSENGER1$b30$c20200916$lSEN10$h2035 "}]}