{"tema_id":"23331","string":"Raz\u00e3o social","created":"2020-09-18 17:48:00","code":null,"notes":[{"@type":"Defini\u00e7\u00e3o","@lang":"ab","@value":"Nome devidamente registrado sob o qual uma pessoa jur\u00eddica se individualiza e exerce suas atividades. A raz\u00e3o social diferencia-se do nome dado a um estabelecimento ou do nome comercial com que a empresa pode ser reconhecida junto ao p\u00fablico$vFULGENCIO, Paulo Cesar. Gloss\u00e1rio: Vade Mecum. Rio de Janeiro: Mauad, 2007 "},{"@type":"MARC Header","@lang":"ab","@value":"=900  \\$aVCB$9vcetcu "},{"@type":"MARC Header","@lang":"ab","@value":"=901  SEN10000000000000000212261 "},{"@type":"MARC Header","@lang":"ab","@value":"=908  180920da|azn||babn\\\\\\\\\\\nana\\\\d "},{"@type":"MARC Header","@lang":"ab","@value":"=BAS  \\$a381 - Ind\u00fastria, Com\u00e9rcio, Turismo e Servi\u00e7os$9basvce "},{"@type":"MARC Header","@lang":"ab","@value":"=CAT  \\$aSENGER1$b30$c20200916$lSEN10$h2039 "}]}