{"tema_id":"23397","string":"Reclama\u00e7\u00e3o administrativa","created":"2020-09-18 17:48:01","code":null,"notes":[{"@type":"Defini\u00e7\u00e3o","@lang":"ab","@value":"Segundo Di Pietro, reclama\u00e7\u00e3o administrativa \u00e9 o ato pelo qual o administrado, seja particular ou servidor p\u00fablico, deduz uma pretens\u00e3o perante a Administra\u00e7\u00e3o p\u00fablica, visando obter o reconhecimento de um direito ou a corre\u00e7\u00e3o de um ato que lhe cause les\u00e3o ou amea\u00e7a de les\u00e3o. Conforme o Decreto n.\u00ba 20.910, de 1932, que prev\u00ea o instituto no art. 6\u00ba, o prazo para interposi\u00e7\u00e3o da RECLAMA\u00c7\u00c3O ADMINISTRATIVA \u00e9 de um ano: Art. 6\u00ba O direito a RECLAMA\u00c7\u00c3O ADMINISTRATIVA, que n\u00e3o tiver prazo fixado em disposi\u00e7\u00e3o de lei para ser formulada, prescreve em um ano a contar da data do ato ou fato do qual a mesma se originar.$vDI PIETRO, Maria Sylvia Zanella. DIREITO ADMINISTRATIVO. 16\u00aa ed. S\u00e3o Paulo: Atlas "},{"@type":"MARC Header","@lang":"ab","@value":"=900  \\$aVCB$9vcetcu "},{"@type":"MARC Header","@lang":"ab","@value":"=901  SEN10000000000000000212322 "},{"@type":"MARC Header","@lang":"ab","@value":"=908  180920da|azn||babn\\\\\\\\\\\nana\\\\d "},{"@type":"MARC Header","@lang":"ab","@value":"=BAS  \\$a340 - Direito$9basvce "},{"@type":"MARC Header","@lang":"ab","@value":"=CAT  \\$aSENGER1$b30$c20200916$lSEN10$h2039 "}]}