{"tema_id":"2360","string":"Sistema de organiza\u00e7\u00e3o do conhecimento","created":"2020-09-18 17:43:03","code":null,"notes":[{"@type":"Defini\u00e7\u00e3o","@lang":"ab","@value":"Sistemas conceituais que representam determinado dom\u00ednio por meio da sistematiza\u00e7\u00e3o dos conceitos e das rela\u00e7\u00f5es que se estabelecem entre eles - BRASCHER e CAF\u00c9. "},{"@type":"MARC Header","@lang":"ab","@value":"=900  \\$aVCB "},{"@type":"MARC Header","@lang":"ab","@value":"=900  \\$aVCB$9tci-ibict "},{"@type":"MARC Header","@lang":"ab","@value":"=901  SEN10000000000000000215037 "},{"@type":"MARC Header","@lang":"ab","@value":"=908  181007da|azn||babn\\\\\\\\\\\nana\\\\d "},{"@type":"MARC Header","@lang":"ab","@value":"=BAS  \\$a000 - Generalidades, Ci\u00eancia da Computa\u00e7\u00e3o e Informa\u00e7\u00e3o "},{"@type":"MARC Header","@lang":"ab","@value":"=BAS  \\$aCAT: 2.2 Recupera\u00e7\u00e3o da Informa\u00e7\u00e3o "},{"@type":"MARC Header","@lang":"ab","@value":"=BAS  \\$aCAT: 5 Tecnologias da Informa\u00e7\u00e3o e Comunica\u00e7\u00e3o -TICs "},{"@type":"MARC Header","@lang":"ab","@value":"=CAT  \\$aSENGER1$b30$c20200916$lSEN10$h2039 "}]}