{"tema_id":"23692","string":"Rela\u00e7\u00e3o g\u00eanero-esp\u00e9cie","created":"2020-09-18 17:48:10","code":null,"notes":[{"@type":"MARC Header","@lang":"ab","@value":"=900  \\$aVCB$9tci-ibict "},{"@type":"MARC Header","@lang":"ab","@value":"=901  SEN10000000000000000212584 "},{"@type":"MARC Header","@lang":"ab","@value":"=908  180920da|azn||babn\\\\\\\\\\\nana\\\\d "},{"@type":"MARC Header","@lang":"ab","@value":"=BAS  \\$aCAT: 2.1.2 Sistemas de organiza\u00e7\u00e3o do conhecimento "},{"@type":"MARC Header","@lang":"ab","@value":"=CAT  \\$aSENGER1$b30$c20200916$lSEN10$h2039 "}]}