{"tema_id":"23723","string":"Rela\u00e7\u00f5es p\u00fablicas como profiss\u00e3o","created":"2020-09-18 17:48:12","code":null}