{"tema_id":"23880","string":"Reserva mental","created":"2020-09-18 17:48:16","code":null,"notes":[{"@type":"Defini\u00e7\u00e3o","@lang":"ab-AB","@value":"A conceitua\u00e7\u00e3o de Nelson Nery J\u00fanior acerca de reserva mental \u00e9 a de ser a emiss\u00e3o de uma declara\u00e7\u00e3o em que n\u00e3o se quer o conte\u00fado, bem como o resultado e, diz o autor, tendo por \u00fanico objetivo enganar o declarat\u00e1rio.$uhttps:\/\/maristeladutra.jusbrasil.com.br\/artigos\/515178750\/reserva-mental-no-codigo-civil-de-2002-e-no-direito-alienigena "},{"@type":"MARC Header","@lang":"ab","@value":"=900  \\$aVCB "},{"@type":"MARC Header","@lang":"ab","@value":"=901  SEN10000000000000000212768 "},{"@type":"MARC Header","@lang":"ab","@value":"=908  180920da|azn||babn\\\\\\\\\\\nana\\\\d "},{"@type":"MARC Header","@lang":"ab","@value":"=BAS  \\$a342.11 - Direito Civil - Parte Geral "},{"@type":"MARC Header","@lang":"ab","@value":"=CAT  \\$aSENGER1$b30$c20200916$lSEN10$h2039 "},{"@type":"MARC Header","@lang":"pt-BR","@value":"=750 0$aMental reservation\u00a0 "},{"@type":"Equival\u00eancia CDDir","@lang":"ab","@value":"342.1141 "}]}