{"tema_id":"24767","string":"S\u00f3cio minorit\u00e1rio","created":"2020-09-18 17:48:43","code":null,"notes":[{"@type":"MARC Header","@lang":"ab","@value":"=750  7$aS\u00f3cio minorit\u00e1rio$2STF "},{"@type":"MARC Header","@lang":"ab","@value":"=750  7$aS\u00f3cio minorit\u00e1rio$2STJ "},{"@type":"MARC Header","@lang":"ab","@value":"=900  \\$aVCB "},{"@type":"MARC Header","@lang":"ab","@value":"=901  SEN10000000000000000213610 "},{"@type":"MARC Header","@lang":"ab","@value":"=908  180920da|azn||babn\\\\\\\\\\\nana\\\\d "},{"@type":"MARC Header","@lang":"ab","@value":"=BAS  \\$a342.2 - Direito Comercial "},{"@type":"MARC Header","@lang":"ab","@value":"=CAT  \\$aSENGER1$b30$c20200916$lSEN10$h2040 "},{"@type":"Equival\u00eancia CDDir","@lang":"ab","@value":"342.22 "}]}