{"tema_id":"2579","string":"Transtorno da alimenta\u00e7\u00e3o e da ingest\u00e3o de alimentos","created":"2020-09-18 17:43:04","code":null,"notes":[{"@type":"Defini\u00e7\u00e3o","@lang":"ab","@value":"Grupo de transtornos caracterizados por dist\u00farbios fisiol\u00f3gicos e psicol\u00f3gicos do apetite e da ingest\u00e3o de alimentos.$vDECs "},{"@type":"MARC Header","@lang":"ab","@value":"=670  \\$aDeCS, 21\/07\/2018$uhttp:\/\/decs.bvs.br\/cgi-bin\/wxis1660.exe\/decsserver\/ "},{"@type":"MARC Header","@lang":"ab","@value":"=900  \\$aVCB$9novos "},{"@type":"MARC Header","@lang":"ab","@value":"=901  SEN10000000000000000214421 "},{"@type":"MARC Header","@lang":"ab","@value":"=908  180920da|azn||babn\\\\\\\\\\\nana\\\\d "},{"@type":"MARC Header","@lang":"ab","@value":"=CAT  \\$aSENGER1$b30$c20200916$lSEN10$h2040 "}]}