{"tema_id":"259","string":"Autoridade p\u00fablica","created":"2020-09-18 17:42:57","code":null,"notes":[{"@type":"Defini\u00e7\u00e3o","@lang":"ab","@value":"Pessoa que, em qualquer dos tr\u00eas Poderes do Estado, \u00e9 investida do exerc\u00edcio de atividade a qualquer deles inerente, quer executando quer editando atos, e quer se trate de agente p\u00fablico, quer de administrador ou representante de ente aut\u00e1rquico ou entidade paraestatal; e ainda, pessoa natural ou jur\u00eddica com fun\u00e7\u00e3o delegada do poder p\u00fablico na qualidade de concession\u00e1rio ou permission\u00e1rio de servi\u00e7os p\u00fablicos ou de utilidade p\u00fablica, quanto aos atos que venha a praticar.$vSIDOU, Jos\u00e9 Maria Othon. Dicion\u00e1rio jur\u00eddico "},{"@type":"MARC Header","@lang":"ab","@value":"=670  \\$aVocabular\u00edo Jur\u00eddico do STJ, 10\/10\/2018$uhttp:\/\/www.stj.jus.br\/SCON\/thesaurus\/ "},{"@type":"MARC Header","@lang":"ab","@value":"=900  \\$aVCB "},{"@type":"MARC Header","@lang":"ab","@value":"=901  SEN10000000000000000201935 "},{"@type":"MARC Header","@lang":"ab","@value":"=908  180920da|azn||babn\\\\\\\\\\\nana\\\\d "},{"@type":"MARC Header","@lang":"ab","@value":"=BAS  \\$a350 - Administra\u00e7\u00e3o P\u00fablica "},{"@type":"MARC Header","@lang":"ab","@value":"=CAT  \\$aSENGER1$b30$c20200916$lSEN10$h2035 "},{"@type":"Equival\u00eancia CDD","@lang":"ab","@value":"350 "}]}