{"tema_id":"26420","string":"Vacatio legis","created":"2020-09-18 17:49:35","code":null,"notes":[{"@type":"Defini\u00e7\u00e3o","@lang":"ab","@value":"Per\u00edodo entre a data da publica\u00e7\u00e3o da lei e o dia do in\u00edcio de sua vig\u00eancia. (HORCAIO, Ivan. Dicion\u00e1rio Jur\u00eddico. S\u00e3o Paulo: Primeira Impress\u00e3o, 2008. p. 1645).$vVocabul\u00e1rio Jur\u00eddico (Tesauro) do STF "},{"@type":"MARC Header","@lang":"ab","@value":"=670  \\$aVocabul\u00e1rio Jur\u00eddico (Tesauro) do STF$uhttp:\/\/www.stf.jus.br\/portal\/jurisprudencia\/listarTesauro.asp?txtPesquisaLivre=VACATIO%20LEGIS "},{"@type":"MARC Header","@lang":"ab","@value":"=900  \\$aVCB$bnovos-out "},{"@type":"MARC Header","@lang":"ab","@value":"=901  SEN10000000000000000409209 "},{"@type":"MARC Header","@lang":"ab","@value":"=908  191019da|azn||babn\\\\\\\\\\\nana\\\\d "},{"@type":"MARC Header","@lang":"ab","@value":"=BAS  \\$a341.43 - Processo Penal "},{"@type":"MARC Header","@lang":"ab","@value":"=BAS  \\$a341.46 - Processo Civil "},{"@type":"MARC Header","@lang":"ab","@value":"=BAS  \\$a342.6 - Direito do Trabalho "},{"@type":"MARC Header","@lang":"ab","@value":"=CAT  \\$aSENGER1$b30$c20200916$lSEN10$h2040 "}]}